{"id":1191,"date":"2025-06-07T11:04:28","date_gmt":"2025-06-07T09:04:28","guid":{"rendered":"https:\/\/www.netavisen.dk\/da-dk\/nyheder\/?p=1191"},"modified":"2025-06-07T10:20:46","modified_gmt":"2025-06-07T08:20:46","slug":"danskerne-tjekker-pensionsalder-som-aldrig-foer","status":"publish","type":"post","link":"https:\/\/www.netavisen.dk\/da-dk\/nyheder\/oekonomi\/danskerne-tjekker-pensionsalder-som-aldrig-foer\/1191\/","title":{"rendered":"Danskerne tjekker pensionsalder som aldrig f\u00f8r"},"content":{"rendered":"<p>Hjemmesiden <a href=\"https:\/\/pensionsalder.dk\" target=\"_blank\" rel=\"nofollow noopener\">pensionsalder.dk<\/a> hitter som aldrig f\u00f8r.<\/p>\n<p>P\u00e5 den halvanden m\u00e5ned, hjemmesiden har v\u00e6ret online, er beregneren blevet brugt mere end 125.000 gange.<\/p>\n<p>\u201dDet er meget overv\u00e6ldende. Vi regnede med, der var et behov for den her information, men interessen har overg\u00e5et alle forventninger,\u201d siger Morten Skov Christiansen, formand for Fagbev\u00e6gelsens Hovedorganisation (FH) der st\u00e5r bag pensionsberegneren.<\/p>\n<figure id=\"attachment_1195\" aria-describedby=\"caption-attachment-1195\" style=\"width: 1200px\" class=\"wp-caption alignnone\"><img decoding=\"async\" src=\"https:\/\/www.netavisen.dk\/da-dk\/nyheder\/wp-content\/uploads\/2025\/06\/morten-skov-christiansen.jpg\" alt=\"\" width=\"1200\" height=\"800\" class=\"size-full wp-image-1195\" srcset=\"https:\/\/www.netavisen.dk\/da-dk\/nyheder\/wp-content\/uploads\/2025\/06\/morten-skov-christiansen.jpg 1200w, https:\/\/www.netavisen.dk\/da-dk\/nyheder\/wp-content\/uploads\/2025\/06\/morten-skov-christiansen-300x200.jpg 300w, https:\/\/www.netavisen.dk\/da-dk\/nyheder\/wp-content\/uploads\/2025\/06\/morten-skov-christiansen-1024x683.jpg 1024w, https:\/\/www.netavisen.dk\/da-dk\/nyheder\/wp-content\/uploads\/2025\/06\/morten-skov-christiansen-768x512.jpg 768w\" sizes=\"(max-width: 1200px) 100vw, 1200px\" \/><figcaption id=\"caption-attachment-1195\" class=\"wp-caption-text\">Morten Skov Christiansen (Foto: FH &#8211; Fagbev\u00e6gelsens Hovedorganisation \/ PR)<\/figcaption><\/figure>\n<h3>Stigninger er regnet med<\/h3>\n<p>I mods\u00e6tning til andre pensionsberegnere p\u00e5 internettet, tager pensionsalder.dk h\u00f8jde for de stigninger, der er planlagt i velf\u00e6rdsforliget.<\/p>\n<h3>Flere kender ikke deres pensionsalder<\/h3>\n<p>Heldigvis er der h\u00e5b for, at tallene kan blive mere menneskelige, da statsministeren i august sidste \u00e5r \u00e5bnede en debat om retf\u00e6rdigheden i de planlagte stigninger. Den debat f\u00f8rte til skabelsen af pensionsalder.dk.<\/p>\n<p>\u201dVi kunne se, n\u00e5r vi spurgte folk, at de f\u00e6rreste faktisk har styr p\u00e5 deres pensionsalder. Det g\u00e6lder is\u00e6r unge, selvom det er dem, der har flest \u00e5r p\u00e5 spil, n\u00e5r fremtidens tilbagetr\u00e6kning skal planl\u00e6gges. Derfor var det vigtigt for os at stille den viden til r\u00e5dighed,\u201d siger Morten Skov Christiansen.<\/p>\n","protected":false},"excerpt":{"rendered":"<p>Befolkningen eftersp\u00f8rger i stor stil svar p\u00e5, hvorn\u00e5r de kan f\u00e5 lov at tr\u00e6kke sig tilbage, viser ny data.<\/p>\n","protected":false},"author":2,"featured_media":1197,"comment_status":"closed","ping_status":"open","sticky":false,"template":"","format":"standard","meta":{"jnews-multi-image_gallery":[],"jnews_single_post":[],"jnews_primary_category":[],"footnotes":""},"categories":[17,2],"tags":[],"class_list":["post-1191","post","type-post","status-publish","format-standard","has-post-thumbnail","hentry","category-oekonomi","category-danmark"],"_links":{"self":[{"href":"https:\/\/www.netavisen.dk\/da-dk\/nyheder\/wp-json\/wp\/v2\/posts\/1191","targetHints":{"allow":["GET"]}}],"collection":[{"href":"https:\/\/www.netavisen.dk\/da-dk\/nyheder\/wp-json\/wp\/v2\/posts"}],"about":[{"href":"https:\/\/www.netavisen.dk\/da-dk\/nyheder\/wp-json\/wp\/v2\/types\/post"}],"author":[{"embeddable":true,"href":"https:\/\/www.netavisen.dk\/da-dk\/nyheder\/wp-json\/wp\/v2\/users\/2"}],"replies":[{"embeddable":true,"href":"https:\/\/www.netavisen.dk\/da-dk\/nyheder\/wp-json\/wp\/v2\/comments?post=1191"}],"version-history":[{"count":0,"href":"https:\/\/www.netavisen.dk\/da-dk\/nyheder\/wp-json\/wp\/v2\/posts\/1191\/revisions"}],"wp:featuredmedia":[{"embeddable":true,"href":"https:\/\/www.netavisen.dk\/da-dk\/nyheder\/wp-json\/wp\/v2\/media\/1197"}],"wp:attachment":[{"href":"https:\/\/www.netavisen.dk\/da-dk\/nyheder\/wp-json\/wp\/v2\/media?parent=1191"}],"wp:term":[{"taxonomy":"category","embeddable":true,"href":"https:\/\/www.netavisen.dk\/da-dk\/nyheder\/wp-json\/wp\/v2\/categories?post=1191"},{"taxonomy":"post_tag","embeddable":true,"href":"https:\/\/www.netavisen.dk\/da-dk\/nyheder\/wp-json\/wp\/v2\/tags?post=1191"}],"curies":[{"name":"wp","href":"https:\/\/api.w.org\/{rel}","templated":true}]}}