{"id":2483,"date":"2026-02-22T21:59:59","date_gmt":"2026-02-22T20:59:59","guid":{"rendered":"https:\/\/www.netavisen.dk\/da-dk\/nyheder\/?p=2483"},"modified":"2026-02-22T21:45:00","modified_gmt":"2026-02-22T20:45:00","slug":"orifarms-stifter-hans-boegh-soerensen-fyldte-70-aar","status":"publish","type":"post","link":"https:\/\/www.netavisen.dk\/da-dk\/nyheder\/navnenyt\/foedselsdage\/orifarms-stifter-hans-boegh-soerensen-fyldte-70-aar\/2483\/","title":{"rendered":"Orifarms stifter Hans B\u00f8gh-S\u00f8rensen fyldte 70 \u00e5r"},"content":{"rendered":"<p>Hans B\u00f8gh-S\u00f8rensen voksede op i familievirksomheden RIMI, hvor han fra en tidlig alder fik indblik i, hvordan man driver forretning. De erfaringer lagde grunden til den iv\u00e6rks\u00e6tter\u00e5nd, som i 1994 f\u00f8rte til, at han sammen med sin hustru, Birgitte B\u00f8gh-S\u00f8rensen, grundlagde Orifarm. Med en klar ambition om at sikre bedre adgang til kvalitetsmedicin til rimelige priser har han gennem de seneste tre \u00e5rtier v\u00e6ret med til at s\u00e6tte kursen for virksomheden.<\/p>\n<p>Siden opstarten har Orifarm udviklet sig til en markant v\u00e6ksthistorie. Gennem succesfulde opk\u00f8b, fusioner og international ekspansion har virksomheden styrket sin position som en fremtr\u00e6dende dansk akt\u00f8r i medicinalbranchen. I dag har Orifarm omkring 2.300 medarbejdere fordelt p\u00e5 16 lande med hovedkontor i Odense og leverer l\u00e6gemidler inden for en bred r\u00e6kke behandlingsomr\u00e5der via parallelimport, generiske produkter og h\u00e5ndk\u00f8bsmedicin.<\/p>\n<p>Igennem Orifarm har Hans B\u00f8gh-S\u00f8rensen bidraget til betydelige samfundsm\u00e6ssige gevinster. Fra begyndelsen har han insisteret p\u00e5 at udfordre den etablerede medicinalbranchen ved at skabe adgang til alternativer til de traditionelle pris- og udbudsstrukturer. Denne tilgang har gennem \u00e5rene gjort en m\u00e6rkbar forskel for sundhedssystemer og patienter i hele Europa, hvor Orifarm har \u00f8get adgangen til kvalitetspr\u00e6parater til mere overkommelige priser. <\/p>\n<p>I 2019 videregav Hans B\u00f8gh-S\u00f8rensen stafetten som administrerende direkt\u00f8r for Orifarm. Siden har han v\u00e6ret involveret i virksomheden gennem sit virke som bestyrelsesformand. Parrets tre voksne b\u00f8rn har desuden p\u00e5 skift en plads i virksomhedens bestyrelse. <\/p>\n<p>Uden for sit erhvervsm\u00e6ssige virke holder Hans B\u00f8gh-S\u00f8rensen s\u00e6rligt af at st\u00e5 p\u00e5 ski, rejse, k\u00f8re r\u00e6s og g\u00e5 p\u00e5 jagt \u2013 gerne sammen med familien. Dertil er han kendt som en passioneret fan af Bordeaux-vine.<\/p>\n<h3>Fotos:<\/h3>\n<figure id=\"attachment_2489\" aria-describedby=\"caption-attachment-2489\" style=\"width: 800px\" class=\"wp-caption alignnone\"><img decoding=\"async\" src=\"https:\/\/www.netavisen.dk\/da-dk\/nyheder\/wp-content\/uploads\/2026\/02\/hans-boegh-soerensen_02.jpg\" alt=\"\" width=\"800\" height=\"1000\" class=\"size-full wp-image-2489\" srcset=\"https:\/\/www.netavisen.dk\/da-dk\/nyheder\/wp-content\/uploads\/2026\/02\/hans-boegh-soerensen_02.jpg 800w, https:\/\/www.netavisen.dk\/da-dk\/nyheder\/wp-content\/uploads\/2026\/02\/hans-boegh-soerensen_02-240x300.jpg 240w, https:\/\/www.netavisen.dk\/da-dk\/nyheder\/wp-content\/uploads\/2026\/02\/hans-boegh-soerensen_02-768x960.jpg 768w, https:\/\/www.netavisen.dk\/da-dk\/nyheder\/wp-content\/uploads\/2026\/02\/hans-boegh-soerensen_02-527x659.jpg 527w, https:\/\/www.netavisen.dk\/da-dk\/nyheder\/wp-content\/uploads\/2026\/02\/hans-boegh-soerensen_02-688x860.jpg 688w\" sizes=\"(max-width: 800px) 100vw, 800px\" \/><figcaption id=\"caption-attachment-2489\" class=\"wp-caption-text\">Hans B\u00f8gh-S\u00f8rensen, Grundl\u00e6gger og Bestyrelsesformand i den danske medicinalvirksomhed Orifarm, fyldte 70 \u00e5r fredag den 20. februar. (Foto: PR \/ Orifarm)<\/figcaption><\/figure>\n<figure id=\"attachment_2490\" aria-describedby=\"caption-attachment-2490\" style=\"width: 800px\" class=\"wp-caption alignnone\"><img decoding=\"async\" src=\"https:\/\/www.netavisen.dk\/da-dk\/nyheder\/wp-content\/uploads\/2026\/02\/hans-boegh-soerensen-birgitte-boegh-soerensen_01.jpg\" alt=\"\" width=\"800\" height=\"1000\" class=\"size-full wp-image-2490\" srcset=\"https:\/\/www.netavisen.dk\/da-dk\/nyheder\/wp-content\/uploads\/2026\/02\/hans-boegh-soerensen-birgitte-boegh-soerensen_01.jpg 800w, https:\/\/www.netavisen.dk\/da-dk\/nyheder\/wp-content\/uploads\/2026\/02\/hans-boegh-soerensen-birgitte-boegh-soerensen_01-240x300.jpg 240w, https:\/\/www.netavisen.dk\/da-dk\/nyheder\/wp-content\/uploads\/2026\/02\/hans-boegh-soerensen-birgitte-boegh-soerensen_01-768x960.jpg 768w, https:\/\/www.netavisen.dk\/da-dk\/nyheder\/wp-content\/uploads\/2026\/02\/hans-boegh-soerensen-birgitte-boegh-soerensen_01-527x659.jpg 527w, https:\/\/www.netavisen.dk\/da-dk\/nyheder\/wp-content\/uploads\/2026\/02\/hans-boegh-soerensen-birgitte-boegh-soerensen_01-688x860.jpg 688w\" sizes=\"(max-width: 800px) 100vw, 800px\" \/><figcaption id=\"caption-attachment-2490\" class=\"wp-caption-text\">Hans B\u00f8gh-S\u00f8rensen med sin hustru og med-stifter af Orifarm, Birgitte B\u00f8gh-S\u00f8rensen. (Foto: PR \/ Orifarm)<\/figcaption><\/figure>\n<figure id=\"attachment_2491\" aria-describedby=\"caption-attachment-2491\" style=\"width: 1517px\" class=\"wp-caption alignnone\"><img decoding=\"async\" src=\"https:\/\/www.netavisen.dk\/da-dk\/nyheder\/wp-content\/uploads\/2026\/02\/Orifarm-hovedkontor-odense_01.jpg\" alt=\"\" width=\"1517\" height=\"800\" class=\"size-full wp-image-2491\" srcset=\"https:\/\/www.netavisen.dk\/da-dk\/nyheder\/wp-content\/uploads\/2026\/02\/Orifarm-hovedkontor-odense_01.jpg 1517w, https:\/\/www.netavisen.dk\/da-dk\/nyheder\/wp-content\/uploads\/2026\/02\/Orifarm-hovedkontor-odense_01-300x158.jpg 300w, https:\/\/www.netavisen.dk\/da-dk\/nyheder\/wp-content\/uploads\/2026\/02\/Orifarm-hovedkontor-odense_01-1024x540.jpg 1024w, https:\/\/www.netavisen.dk\/da-dk\/nyheder\/wp-content\/uploads\/2026\/02\/Orifarm-hovedkontor-odense_01-768x405.jpg 768w, https:\/\/www.netavisen.dk\/da-dk\/nyheder\/wp-content\/uploads\/2026\/02\/Orifarm-hovedkontor-odense_01-527x278.jpg 527w, https:\/\/www.netavisen.dk\/da-dk\/nyheder\/wp-content\/uploads\/2026\/02\/Orifarm-hovedkontor-odense_01-1054x556.jpg 1054w, https:\/\/www.netavisen.dk\/da-dk\/nyheder\/wp-content\/uploads\/2026\/02\/Orifarm-hovedkontor-odense_01-688x363.jpg 688w, https:\/\/www.netavisen.dk\/da-dk\/nyheder\/wp-content\/uploads\/2026\/02\/Orifarm-hovedkontor-odense_01-1044x551.jpg 1044w, https:\/\/www.netavisen.dk\/da-dk\/nyheder\/wp-content\/uploads\/2026\/02\/Orifarm-hovedkontor-odense_01-1400x738.jpg 1400w\" sizes=\"(max-width: 1517px) 100vw, 1517px\" \/><figcaption id=\"caption-attachment-2491\" class=\"wp-caption-text\">Orifarms hovedkontor i Odense (Foto: PR \/ Orifarm)<\/figcaption><\/figure>\n<figure id=\"attachment_2492\" aria-describedby=\"caption-attachment-2492\" style=\"width: 1517px\" class=\"wp-caption alignnone\"><img decoding=\"async\" src=\"https:\/\/www.netavisen.dk\/da-dk\/nyheder\/wp-content\/uploads\/2026\/02\/Orifarm-hovedkontor-odense_02.jpg\" alt=\"\" width=\"1517\" height=\"800\" class=\"size-full wp-image-2492\" srcset=\"https:\/\/www.netavisen.dk\/da-dk\/nyheder\/wp-content\/uploads\/2026\/02\/Orifarm-hovedkontor-odense_02.jpg 1517w, https:\/\/www.netavisen.dk\/da-dk\/nyheder\/wp-content\/uploads\/2026\/02\/Orifarm-hovedkontor-odense_02-300x158.jpg 300w, https:\/\/www.netavisen.dk\/da-dk\/nyheder\/wp-content\/uploads\/2026\/02\/Orifarm-hovedkontor-odense_02-1024x540.jpg 1024w, https:\/\/www.netavisen.dk\/da-dk\/nyheder\/wp-content\/uploads\/2026\/02\/Orifarm-hovedkontor-odense_02-768x405.jpg 768w, https:\/\/www.netavisen.dk\/da-dk\/nyheder\/wp-content\/uploads\/2026\/02\/Orifarm-hovedkontor-odense_02-527x278.jpg 527w, https:\/\/www.netavisen.dk\/da-dk\/nyheder\/wp-content\/uploads\/2026\/02\/Orifarm-hovedkontor-odense_02-1054x556.jpg 1054w, https:\/\/www.netavisen.dk\/da-dk\/nyheder\/wp-content\/uploads\/2026\/02\/Orifarm-hovedkontor-odense_02-688x363.jpg 688w, https:\/\/www.netavisen.dk\/da-dk\/nyheder\/wp-content\/uploads\/2026\/02\/Orifarm-hovedkontor-odense_02-1044x551.jpg 1044w, https:\/\/www.netavisen.dk\/da-dk\/nyheder\/wp-content\/uploads\/2026\/02\/Orifarm-hovedkontor-odense_02-1400x738.jpg 1400w\" sizes=\"(max-width: 1517px) 100vw, 1517px\" \/><figcaption id=\"caption-attachment-2492\" class=\"wp-caption-text\">Orifarms hovedkontor i Odense (Foto: PR \/ Orifarm)<\/figcaption><\/figure>\n","protected":false},"excerpt":{"rendered":"<p>Den 20. februar rundede Hans B\u00f8gh-S\u00f8rensen, grundl\u00e6ggeren af Orifarm, 70 \u00e5r. Med en st\u00e6rk iv\u00e6rks\u00e6tter\u00e5nd og en vedvarende vilje til at udfordre de etablerede strukturer har han sat et markant pr\u00e6g p\u00e5 b\u00e5de dansk erhvervsliv og den europ\u00e6iske medicinalbranche.<\/p>\n","protected":false},"author":2,"featured_media":2488,"comment_status":"closed","ping_status":"open","sticky":false,"template":"","format":"standard","meta":{"jnews-multi-image_gallery":[],"jnews_single_post":[],"jnews_primary_category":[],"footnotes":""},"categories":[30,16],"tags":[145,143,144],"class_list":["post-2483","post","type-post","status-publish","format-standard","has-post-thumbnail","hentry","category-foedselsdage","category-navnenyt","tag-birgitte-boegh-soerensen","tag-hans-boegh-soerensen","tag-orifarm"],"_links":{"self":[{"href":"https:\/\/www.netavisen.dk\/da-dk\/nyheder\/wp-json\/wp\/v2\/posts\/2483","targetHints":{"allow":["GET"]}}],"collection":[{"href":"https:\/\/www.netavisen.dk\/da-dk\/nyheder\/wp-json\/wp\/v2\/posts"}],"about":[{"href":"https:\/\/www.netavisen.dk\/da-dk\/nyheder\/wp-json\/wp\/v2\/types\/post"}],"author":[{"embeddable":true,"href":"https:\/\/www.netavisen.dk\/da-dk\/nyheder\/wp-json\/wp\/v2\/users\/2"}],"replies":[{"embeddable":true,"href":"https:\/\/www.netavisen.dk\/da-dk\/nyheder\/wp-json\/wp\/v2\/comments?post=2483"}],"version-history":[{"count":5,"href":"https:\/\/www.netavisen.dk\/da-dk\/nyheder\/wp-json\/wp\/v2\/posts\/2483\/revisions"}],"predecessor-version":[{"id":2493,"href":"https:\/\/www.netavisen.dk\/da-dk\/nyheder\/wp-json\/wp\/v2\/posts\/2483\/revisions\/2493"}],"wp:featuredmedia":[{"embeddable":true,"href":"https:\/\/www.netavisen.dk\/da-dk\/nyheder\/wp-json\/wp\/v2\/media\/2488"}],"wp:attachment":[{"href":"https:\/\/www.netavisen.dk\/da-dk\/nyheder\/wp-json\/wp\/v2\/media?parent=2483"}],"wp:term":[{"taxonomy":"category","embeddable":true,"href":"https:\/\/www.netavisen.dk\/da-dk\/nyheder\/wp-json\/wp\/v2\/categories?post=2483"},{"taxonomy":"post_tag","embeddable":true,"href":"https:\/\/www.netavisen.dk\/da-dk\/nyheder\/wp-json\/wp\/v2\/tags?post=2483"}],"curies":[{"name":"wp","href":"https:\/\/api.w.org\/{rel}","templated":true}]}}