{"id":2515,"date":"2026-02-23T19:10:48","date_gmt":"2026-02-23T18:10:48","guid":{"rendered":"https:\/\/www.netavisen.dk\/da-dk\/nyheder\/?p=2515"},"modified":"2026-02-23T18:25:58","modified_gmt":"2026-02-23T17:25:58","slug":"saa-stor-var-overdoedeligheden-under-covid-19","status":"publish","type":"post","link":"https:\/\/www.netavisen.dk\/da-dk\/nyheder\/sundhed\/saa-stor-var-overdoedeligheden-under-covid-19\/2515\/","title":{"rendered":"S\u00e5 stor var overd\u00f8deligheden under COVID-19"},"content":{"rendered":"<p>Studiet, som netop er offentliggjort i tidsskriftet <a href=\"https:\/\/www.nature.com\/articles\/s41467-025-67981-1\" rel=\"nofollow noopener\" target=\"_blank\">Nature Communications<\/a>, giver et samlet billede af overd\u00f8deligheden under COVID-19-pandemien i Europa.<\/p>\n<p>Unders\u00f8gelsen bygger p\u00e5 data fra 26 lande i det europ\u00e6iske overv\u00e5gningssamarbejde EuroMOMO. Forskerne har analyseret d\u00f8deligheden i \u00e5rene 2020\u20132023 og sammenlignet tallene med d\u00f8delighedsm\u00f8nstrene fra perioden f\u00f8r pandemien.<\/p>\n<p>Resultaterne peger p\u00e5 fire overordnede b\u00f8lger af forh\u00f8jet d\u00f8delighed i Europa. Under de f\u00f8rste b\u00f8lger var overd\u00f8deligheden markant og n\u00e5ede i den f\u00f8rste b\u00f8lge op p\u00e5 mere end 20 procent over det forventede niveau. I de efterf\u00f8lgende faser faldt d\u00f8deligheden og stabiliserede sig p\u00e5 et niveau, der ligner de vinterm\u00f8nstre, man kendte f\u00f8r COVID-19.<\/p>\n<p>\u201dStudiet giver et samlet europ\u00e6isk overblik over pandemiens samlede d\u00f8delighed, som l\u00e5 n\u00e6sten 10 procent over det forventede niveau,\u201d udtaler statistiker Sarah N\u00f8rgaard fra Statens Serum Institut.<\/p>\n<h3>\u00c6ldre var h\u00e5rdest ramt<\/h3>\n<p>Som led i analysen har forskerne sammenholdt pandemiperiodens d\u00f8delighed med influenzas\u00e6sonerne fra 2014 til 2019. De f\u00f8rste COVID-19-b\u00f8lger l\u00e5 tydeligt over disse niveauer, mens d\u00f8deligheden i de senere faser af pandemien svarede til det normale vinterm\u00f8nster.<\/p>\n<p>De h\u00f8jeste d\u00f8delighedstal blev registreret f\u00f8r indf\u00f8relsen af omfattende smittebegr\u00e6nsende tiltag og f\u00f8r vaccinationsudrulningen. Overd\u00f8deligheden ramte is\u00e6r personer p\u00e5 65 \u00e5r og derover, men der var forskelle landene imellem.<\/p>\n<p>If\u00f8lge Sarah N\u00f8rgaard l\u00e5 overd\u00f8deligheden i Danmark p\u00e5 knap 45 ekstra d\u00f8dsfald om \u00e5ret per 100.000 indbyggere. Det placerer Danmark som nummer seks blandt de 26 unders\u00f8gte lande \u2013 kun fem lande havde lavere overd\u00f8delighed. Den forholdsvis lave d\u00f8delighed kan blandt andet skyldes en kombination af forebyggende indsatser, befolkningens adf\u00e6rd og en h\u00f8j vaccinationsd\u00e6kning.<\/p>\n<p>Overd\u00f8delighed opg\u00f8r antallet af d\u00f8dsfald ud over det forventede og medregner b\u00e5de direkte og indirekte konsekvenser af pandemien \u2013 herunder COVID-19-tilf\u00e6lde, som ikke blev testet eller registreret. M\u00e5let giver derfor et mere d\u00e6kkende billede end opg\u00f8relsen af registrerede COVID-19-d\u00f8dsfald alene.<\/p>\n","protected":false},"excerpt":{"rendered":"<p>Et europ\u00e6isk forskningsprojekt med ledelse og koordinering fra Statens Serum Institut kortl\u00e6gger, hvor markant d\u00f8deligheden steg under pandemiens f\u00f8rste b\u00f8lger, og hvordan den efterf\u00f8lgende bev\u00e6gede sig tilbage mod et mere normalt vinterrelateret niveau.<\/p>\n","protected":false},"author":2,"featured_media":2520,"comment_status":"closed","ping_status":"open","sticky":false,"template":"","format":"standard","meta":{"jnews-multi-image_gallery":[],"jnews_single_post":[],"jnews_primary_category":[],"footnotes":""},"categories":[22],"tags":[150,152,151],"class_list":["post-2515","post","type-post","status-publish","format-standard","has-post-thumbnail","hentry","category-sundhed","tag-covid-19","tag-sarah-noergaard","tag-statens-serum-institut-ssi"],"_links":{"self":[{"href":"https:\/\/www.netavisen.dk\/da-dk\/nyheder\/wp-json\/wp\/v2\/posts\/2515","targetHints":{"allow":["GET"]}}],"collection":[{"href":"https:\/\/www.netavisen.dk\/da-dk\/nyheder\/wp-json\/wp\/v2\/posts"}],"about":[{"href":"https:\/\/www.netavisen.dk\/da-dk\/nyheder\/wp-json\/wp\/v2\/types\/post"}],"author":[{"embeddable":true,"href":"https:\/\/www.netavisen.dk\/da-dk\/nyheder\/wp-json\/wp\/v2\/users\/2"}],"replies":[{"embeddable":true,"href":"https:\/\/www.netavisen.dk\/da-dk\/nyheder\/wp-json\/wp\/v2\/comments?post=2515"}],"version-history":[{"count":5,"href":"https:\/\/www.netavisen.dk\/da-dk\/nyheder\/wp-json\/wp\/v2\/posts\/2515\/revisions"}],"predecessor-version":[{"id":2521,"href":"https:\/\/www.netavisen.dk\/da-dk\/nyheder\/wp-json\/wp\/v2\/posts\/2515\/revisions\/2521"}],"wp:featuredmedia":[{"embeddable":true,"href":"https:\/\/www.netavisen.dk\/da-dk\/nyheder\/wp-json\/wp\/v2\/media\/2520"}],"wp:attachment":[{"href":"https:\/\/www.netavisen.dk\/da-dk\/nyheder\/wp-json\/wp\/v2\/media?parent=2515"}],"wp:term":[{"taxonomy":"category","embeddable":true,"href":"https:\/\/www.netavisen.dk\/da-dk\/nyheder\/wp-json\/wp\/v2\/categories?post=2515"},{"taxonomy":"post_tag","embeddable":true,"href":"https:\/\/www.netavisen.dk\/da-dk\/nyheder\/wp-json\/wp\/v2\/tags?post=2515"}],"curies":[{"name":"wp","href":"https:\/\/api.w.org\/{rel}","templated":true}]}}