{"id":2565,"date":"2026-03-08T10:50:57","date_gmt":"2026-03-08T09:50:57","guid":{"rendered":"https:\/\/www.netavisen.dk\/da-dk\/nyheder\/?p=2565"},"modified":"2026-03-08T01:56:01","modified_gmt":"2026-03-08T00:56:01","slug":"kolding-vaert-for-grand-prix-2027","status":"publish","type":"post","link":"https:\/\/www.netavisen.dk\/da-dk\/nyheder\/kultur\/kolding-vaert-for-grand-prix-2027\/2565\/","title":{"rendered":"Kolding v\u00e6rt for Grand Prix 2027"},"content":{"rendered":"<p>Kolding skal danne ramme om b\u00e5de Dansk Melodi Grand Prix og b\u00f8rnenes MGP i 2027. DR har sammen med Kolding Kommune og Kolding Venue indg\u00e5et en aftale, der g\u00f8r byen til centrum for to af Danmarks st\u00f8rste musikbegivenheder.<\/p>\n<p>Festen forventes at r\u00e6kke ud over Sydbank Arena og m\u00e6rkes i hele kommunen \u2013 fra skoler og kulturhuse til foreninger og plejecentre. DR roser byens engagement, og b\u00e5de Grand Prix-chef Erik Struve Hansen og MGP-producent Camilla Olsen ser frem til en musikfest, der samler b\u00e5de b\u00f8rn og voksne.<\/p>\n<figure id=\"attachment_2570\" aria-describedby=\"caption-attachment-2570\" style=\"width: 1200px\" class=\"wp-caption alignnone\"><img decoding=\"async\" src=\"https:\/\/www.netavisen.dk\/da-dk\/nyheder\/wp-content\/uploads\/2026\/03\/aarets-grand-prix-by-2027-kolding_01.jpg\" alt=\"\" width=\"1200\" height=\"800\" class=\"size-full wp-image-2570\" srcset=\"https:\/\/www.netavisen.dk\/da-dk\/nyheder\/wp-content\/uploads\/2026\/03\/aarets-grand-prix-by-2027-kolding_01.jpg 1200w, https:\/\/www.netavisen.dk\/da-dk\/nyheder\/wp-content\/uploads\/2026\/03\/aarets-grand-prix-by-2027-kolding_01-300x200.jpg 300w, https:\/\/www.netavisen.dk\/da-dk\/nyheder\/wp-content\/uploads\/2026\/03\/aarets-grand-prix-by-2027-kolding_01-1024x683.jpg 1024w, https:\/\/www.netavisen.dk\/da-dk\/nyheder\/wp-content\/uploads\/2026\/03\/aarets-grand-prix-by-2027-kolding_01-768x512.jpg 768w, https:\/\/www.netavisen.dk\/da-dk\/nyheder\/wp-content\/uploads\/2026\/03\/aarets-grand-prix-by-2027-kolding_01-527x351.jpg 527w, https:\/\/www.netavisen.dk\/da-dk\/nyheder\/wp-content\/uploads\/2026\/03\/aarets-grand-prix-by-2027-kolding_01-1054x703.jpg 1054w, https:\/\/www.netavisen.dk\/da-dk\/nyheder\/wp-content\/uploads\/2026\/03\/aarets-grand-prix-by-2027-kolding_01-688x459.jpg 688w, https:\/\/www.netavisen.dk\/da-dk\/nyheder\/wp-content\/uploads\/2026\/03\/aarets-grand-prix-by-2027-kolding_01-1044x696.jpg 1044w\" sizes=\"(max-width: 1200px) 100vw, 1200px\" \/><figcaption id=\"caption-attachment-2570\" class=\"wp-caption-text\">Kolding bliver \u00e5rets Grand Prix by i 2027 (Foto: PR \/ Kolding Kommune)<\/figcaption><\/figure>\n<h3>Festen forts\u00e6tter frem mod 2027<\/h3>\n<p>Kolding Kommune arbejder p\u00e5 at g\u00f8re 2027 til et fest\u00e5r med lokale arrangementer og initiativer, der fremmer f\u00e6llesskab og musikgl\u00e6de. Borgmester Jakob Ville kalder udn\u00e6vnelsen en \u201ck\u00e6mpe anerkendelse\u201d og understreger, at musik skaber gl\u00e6de og sammenhold p\u00e5 tv\u00e6rs af alder og baggrund.<\/p>\n<p>Grand Prix 2027 afholdes l\u00f8rdag den 13. februar, mens MGP f\u00f8lger l\u00f8rdag den 20. februar. Programmet for lokale aktiviteter offentligg\u00f8res l\u00f8bende.<\/p>\n","protected":false},"excerpt":{"rendered":"<p>Kolding bliver centrum for dansk popmusik i 2027. Byen er nemlig valgt som v\u00e6rt for b\u00e5de Dansk Melodi Grand Prix og b\u00f8rnenes MGP.<\/p>\n","protected":false},"author":2,"featured_media":2571,"comment_status":"closed","ping_status":"open","sticky":false,"template":"","format":"standard","meta":{"jnews-multi-image_gallery":[],"jnews_single_post":{"format":"standard","override":[{"template":"3","parallax":"1","layout":"no-sidebar-narrow","sidebar":"default-sidebar","second_sidebar":"default-sidebar","sticky_sidebar":"1","share_position":"hide","share_float_style":"share-normal","show_share_counter":"1","show_view_counter":"1","show_featured":"1","show_post_meta":"1","show_post_author":"1","show_post_date":"1","post_date_format":"default","post_date_format_custom":"Y\/m\/d","show_post_category":"1","show_post_reading_time":"1","post_reading_time_wpm":"300","post_calculate_word_method":"str_word_count","show_zoom_button":"0","zoom_button_out_step":"2","zoom_button_in_step":"3","show_post_tag":"1","show_comment_section":"1","number_popup_post":"2"}],"image_override":[{"single_post_thumbnail_size":"no-crop","single_post_gallery_size":"crop-715"}],"trending_post_position":"meta","trending_post_label":"Trending","sponsored_post_label":"Sponsored by","disable_ad":"0"},"jnews_primary_category":[],"footnotes":""},"categories":[6,15],"tags":[182,181,177,178,183,176,180,179],"class_list":["post-2565","post","type-post","status-publish","format-standard","has-post-thumbnail","hentry","category-kultur","category-lokalt","tag-aarets-grand-prix-by","tag-camilla-olsen","tag-dansk-melodi-grand-prix","tag-grand-prix-by","tag-jakob-ville","tag-kolding","tag-kolding-venue","tag-sydbank-arena"],"_links":{"self":[{"href":"https:\/\/www.netavisen.dk\/da-dk\/nyheder\/wp-json\/wp\/v2\/posts\/2565","targetHints":{"allow":["GET"]}}],"collection":[{"href":"https:\/\/www.netavisen.dk\/da-dk\/nyheder\/wp-json\/wp\/v2\/posts"}],"about":[{"href":"https:\/\/www.netavisen.dk\/da-dk\/nyheder\/wp-json\/wp\/v2\/types\/post"}],"author":[{"embeddable":true,"href":"https:\/\/www.netavisen.dk\/da-dk\/nyheder\/wp-json\/wp\/v2\/users\/2"}],"replies":[{"embeddable":true,"href":"https:\/\/www.netavisen.dk\/da-dk\/nyheder\/wp-json\/wp\/v2\/comments?post=2565"}],"version-history":[{"count":7,"href":"https:\/\/www.netavisen.dk\/da-dk\/nyheder\/wp-json\/wp\/v2\/posts\/2565\/revisions"}],"predecessor-version":[{"id":2574,"href":"https:\/\/www.netavisen.dk\/da-dk\/nyheder\/wp-json\/wp\/v2\/posts\/2565\/revisions\/2574"}],"wp:featuredmedia":[{"embeddable":true,"href":"https:\/\/www.netavisen.dk\/da-dk\/nyheder\/wp-json\/wp\/v2\/media\/2571"}],"wp:attachment":[{"href":"https:\/\/www.netavisen.dk\/da-dk\/nyheder\/wp-json\/wp\/v2\/media?parent=2565"}],"wp:term":[{"taxonomy":"category","embeddable":true,"href":"https:\/\/www.netavisen.dk\/da-dk\/nyheder\/wp-json\/wp\/v2\/categories?post=2565"},{"taxonomy":"post_tag","embeddable":true,"href":"https:\/\/www.netavisen.dk\/da-dk\/nyheder\/wp-json\/wp\/v2\/tags?post=2565"}],"curies":[{"name":"wp","href":"https:\/\/api.w.org\/{rel}","templated":true}]}}