{"id":2609,"date":"2026-03-10T10:15:51","date_gmt":"2026-03-10T09:15:51","guid":{"rendered":"https:\/\/www.netavisen.dk\/da-dk\/nyheder\/?p=2609"},"modified":"2026-03-10T04:26:15","modified_gmt":"2026-03-10T03:26:15","slug":"hoejesteret-skal-afgoere-sag-om-dansk-vaabeneksport-til-israel","status":"publish","type":"post","link":"https:\/\/www.netavisen.dk\/da-dk\/nyheder\/danmark\/hoejesteret-skal-afgoere-sag-om-dansk-vaabeneksport-til-israel\/2609\/","title":{"rendered":"H\u00f8jesteret skal afg\u00f8re sag om dansk v\u00e5beneksport til Israel"},"content":{"rendered":"<p>H\u00f8jesteret skal den 10. og 11. marts tage stilling til, om tre danske NGO\u2019er kan f\u00f8re sag mod staten om dansk eksport af v\u00e5benudstyr til Israel. Sagen er anlagt af Amnesty International Danmark, Mellemfolkeligt Samvirke og Oxfam Danmark.<\/p>\n<p>Organisationerne mener, at Danmark bryder international ret ved at tillade eksport af v\u00e5bendele til F-35-kampfly, som indg\u00e5r i et amerikanskledet forsvarssamarbejde og bruges af Israel i krigen i Gaza. If\u00f8lge NGO\u2019erne har danske myndigheder ikke foretaget en konkret vurdering af risikoen for, at eksporten kan bidrage til brud p\u00e5 den humanit\u00e6re folkeret.<\/p>\n<p>Inden selve sagen kan behandles, skal H\u00f8jesteret afg\u00f8re, om organisationerne har s\u00e5kaldt retlig interesse i sagen \u2013 alts\u00e5 om de har ret til at f\u00f8re den ved domstolene. Hvis retten afviser dette, vil det i praksis g\u00f8re det meget sv\u00e6rt fremover at f\u00e5 pr\u00f8vet danske beslutninger om v\u00e5beneksport juridisk.<\/p>\n<p>Organisationerne henviser blandt andet til reglerne i FN\u2019s v\u00e5benhandelstraktat, som Danmark har tilsluttet sig, og som forpligter lande til at stoppe v\u00e5beneksport, hvis der er klar risiko for, at udstyret kan blive brugt til brud p\u00e5 international humanit\u00e6r ret.<\/p>\n<blockquote><p>Baggrund: <\/p>\n<p>De sags\u00f8gte i sagen er Udenrigsministeriet og Rigspolitiet.  <\/p>\n<p>Det er Udenrigsministeriet, der vurderer, om der er en klar risiko for, at v\u00e5ben og v\u00e5benkomponenter kan blive brugt til at bryde menneskerettighederne og folkeretten, mens det er Rigspolitiet, der giver danske virksomheder den endelige tilladelse eller afvisning til eksport. <\/p>\n<p>I 2025 afviste \u00d8stre Landsret, at organisationerne bag s\u00f8gsm\u00e5let har s\u00e5kaldt retlig interesse i dansk v\u00e5beneksport til Israel og afviste p\u00e5 den baggrund sagen. Den afg\u00f8relse er organisationerne uenige i, og da sagen er principiel, skal H\u00f8jesteret nu tage stilling til, om organisationerne m\u00e5 f\u00f8re sagen. <\/p><\/blockquote>\n","protected":false},"excerpt":{"rendered":"<p>Tirsdag og onsdag skal H\u00f8jesteret afg\u00f8re, om Amnesty International Danmark, Mellemfolkeligt Samvirke og Oxfam Danmark kan f\u00e5 pr\u00f8vet ved domstolene, om dansk eksport af v\u00e5benudstyr til Israel er i strid med international ret.<\/p>\n","protected":false},"author":2,"featured_media":2615,"comment_status":"closed","ping_status":"open","sticky":false,"template":"","format":"standard","meta":{"jnews-multi-image_gallery":[],"jnews_single_post":{"format":"standard","override":[{"template":"3","parallax":"1","layout":"no-sidebar-narrow","sidebar":"default-sidebar","second_sidebar":"default-sidebar","sticky_sidebar":"1","share_position":"hide","share_float_style":"share-normal","show_share_counter":"1","show_view_counter":"1","show_featured":"1","show_post_meta":"1","show_post_author":"1","show_post_date":"1","post_date_format":"default","post_date_format_custom":"Y\/m\/d","show_post_category":"1","show_post_reading_time":"1","post_reading_time_wpm":"300","post_calculate_word_method":"str_word_count","show_zoom_button":"0","zoom_button_out_step":"2","zoom_button_in_step":"3","show_post_tag":"1","show_comment_section":"1","number_popup_post":"2"}],"image_override":[{"single_post_thumbnail_size":"no-crop","single_post_gallery_size":"crop-715"}],"trending_post_position":"meta","trending_post_label":"Trending","sponsored_post_label":"Sponsored by","disable_ad":"0","subtitle":"Tirsdag og onsdag skal H\u00f8jesteret afg\u00f8re, om Amnesty International Danmark, Mellemfolkeligt Samvirke og Oxfam Danmark kan f\u00e5 pr\u00f8vet ved domstolene, om dansk eksport af v\u00e5benudstyr til Israel er i strid med international ret."},"jnews_primary_category":[],"footnotes":""},"categories":[2,3],"tags":[],"class_list":["post-2609","post","type-post","status-publish","format-standard","has-post-thumbnail","hentry","category-danmark","category-erhverv"],"_links":{"self":[{"href":"https:\/\/www.netavisen.dk\/da-dk\/nyheder\/wp-json\/wp\/v2\/posts\/2609","targetHints":{"allow":["GET"]}}],"collection":[{"href":"https:\/\/www.netavisen.dk\/da-dk\/nyheder\/wp-json\/wp\/v2\/posts"}],"about":[{"href":"https:\/\/www.netavisen.dk\/da-dk\/nyheder\/wp-json\/wp\/v2\/types\/post"}],"author":[{"embeddable":true,"href":"https:\/\/www.netavisen.dk\/da-dk\/nyheder\/wp-json\/wp\/v2\/users\/2"}],"replies":[{"embeddable":true,"href":"https:\/\/www.netavisen.dk\/da-dk\/nyheder\/wp-json\/wp\/v2\/comments?post=2609"}],"version-history":[{"count":5,"href":"https:\/\/www.netavisen.dk\/da-dk\/nyheder\/wp-json\/wp\/v2\/posts\/2609\/revisions"}],"predecessor-version":[{"id":2612,"href":"https:\/\/www.netavisen.dk\/da-dk\/nyheder\/wp-json\/wp\/v2\/posts\/2609\/revisions\/2612"}],"wp:featuredmedia":[{"embeddable":true,"href":"https:\/\/www.netavisen.dk\/da-dk\/nyheder\/wp-json\/wp\/v2\/media\/2615"}],"wp:attachment":[{"href":"https:\/\/www.netavisen.dk\/da-dk\/nyheder\/wp-json\/wp\/v2\/media?parent=2609"}],"wp:term":[{"taxonomy":"category","embeddable":true,"href":"https:\/\/www.netavisen.dk\/da-dk\/nyheder\/wp-json\/wp\/v2\/categories?post=2609"},{"taxonomy":"post_tag","embeddable":true,"href":"https:\/\/www.netavisen.dk\/da-dk\/nyheder\/wp-json\/wp\/v2\/tags?post=2609"}],"curies":[{"name":"wp","href":"https:\/\/api.w.org\/{rel}","templated":true}]}}