{"id":2618,"date":"2026-03-13T07:00:57","date_gmt":"2026-03-13T06:00:57","guid":{"rendered":"https:\/\/www.netavisen.dk\/da-dk\/nyheder\/?p=2618"},"modified":"2026-03-13T03:43:43","modified_gmt":"2026-03-13T02:43:43","slug":"rahbaek-juel-overtager-kl-damm-bliver-naestformand","status":"publish","type":"post","link":"https:\/\/www.netavisen.dk\/da-dk\/nyheder\/politik\/rahbaek-juel-overtager-kl-damm-bliver-naestformand\/2618\/","title":{"rendered":"Rahb\u00e6k Juel overtager KL \u2013 Damm bliver n\u00e6stformand"},"content":{"rendered":"<p>De politiske partier har p\u00e5 gruppem\u00f8derne p\u00e5 KL Topm\u00f8det 2026 valgt medlemmerne til KL\u2019s bestyrelse i valgperioden 2026-2030. De 17 udvalgte har herefter konstitueret sig og peget p\u00e5 Peter Rahb\u00e6k Juel (A), borgmester i Odense Kommune, som ny formand.<\/p>\n<p>\u201dJeg ser frem til sammen med resten af KL\u2019s bestyrelse at skulle st\u00e5 i spidsen for vores kommunale f\u00e6llesskab. Vores samarbejde, sammenhold og forbundethed p\u00e5 tv\u00e6rs af kommunegr\u00e6nser og partier g\u00f8r os st\u00e6rke. B\u00e5de n\u00e5r vi skal levere god velf\u00e6rd til borgerne, forhandle med regeringen og skabe tryghed i en urolig verden. Det skal vi v\u00e6rne om, og derfor bliver det en vigtig opgave for den nye bestyrelse at sikre, at forskellene p\u00e5 tv\u00e6rs af landet ikke vokser sig for store \u2013 men at alle kommuner har mulighed for at give borgerne en god service,\u201d siger KL\u2019s nye formand Peter Rahb\u00e6k Juel.<\/p>\n<p>Martin Damm, borgmester i Kalundborg Kommune, overtager posten som KL\u2019s n\u00e6stformand.<\/p>\n<p>\u201dN\u00e5r verden ryster, bliver vores lokale f\u00e6llesskaber og lokaldemokrati kun endnu vigtigere. Borgerne har brug for at m\u00e6rke tryghed og stabilitet i hverdagen, og her har vi som kommuner en stor opgave \u2013 b\u00e5de n\u00e5r det handler om den n\u00e6re velf\u00e6rd og vores beredskab. Skal vi lykkes, er der brug for, at vi som kommuner rykker t\u00e6t sammen i bussen, og det bliver en vigtig opgave for KL\u2019s nye bestyrelse at sikre d\u00e9t sammenhold,\u201d siger KL\u2019s nye n\u00e6stformand Martin Damm.<\/p>\n<figure id=\"attachment_2623\" aria-describedby=\"caption-attachment-2623\" style=\"width: 1200px\" class=\"wp-caption alignnone\"><img decoding=\"async\" src=\"https:\/\/www.netavisen.dk\/da-dk\/nyheder\/wp-content\/uploads\/2026\/03\/kl-logo.png\" alt=\"\" width=\"1200\" height=\"800\" class=\"size-full wp-image-2623\" srcset=\"https:\/\/www.netavisen.dk\/da-dk\/nyheder\/wp-content\/uploads\/2026\/03\/kl-logo.png 1200w, https:\/\/www.netavisen.dk\/da-dk\/nyheder\/wp-content\/uploads\/2026\/03\/kl-logo-300x200.png 300w, https:\/\/www.netavisen.dk\/da-dk\/nyheder\/wp-content\/uploads\/2026\/03\/kl-logo-1024x683.png 1024w, https:\/\/www.netavisen.dk\/da-dk\/nyheder\/wp-content\/uploads\/2026\/03\/kl-logo-768x512.png 768w, https:\/\/www.netavisen.dk\/da-dk\/nyheder\/wp-content\/uploads\/2026\/03\/kl-logo-750x500.png 750w, https:\/\/www.netavisen.dk\/da-dk\/nyheder\/wp-content\/uploads\/2026\/03\/kl-logo-1140x760.png 1140w\" sizes=\"(max-width: 1200px) 100vw, 1200px\" \/><figcaption id=\"caption-attachment-2623\" class=\"wp-caption-text\">KL&#8217;s logo<\/figcaption><\/figure>\n<h3>KL\u2019s bestyrelse 2026-2030 er:<\/h3>\n<p>Socialdemokratiet (A):<\/p>\n<ul>\n<li>Peter Rahb\u00e6k Juel (formand), borgmester Odense Kommune<\/li>\n<li>Anders Winnerskjold, borgmester Aarhus Kommune<\/li>\n<li>Christina Krzyrosiak Hansen, borgmester Holb\u00e6k Kommune<\/li>\n<li>Lasse Frimand Jensen, borgmester Aalborg Kommune<\/li>\n<li>Michael Vindfeldt, borgmester Frederiksberg Kommune<\/li>\n<\/ul>\n<p>Radikale Venstre (B):<\/p>\n<ul>\n<li>Lone Loklindt, 1. viceborgmester Frederiksberg Kommune<\/li>\n<\/ul>\n<p>Det Konservative Folkeparti (C):<\/p>\n<ul>\n<li>Michael Ziegler, borgmester H\u00f8je-Taastrup Kommune<\/li>\n<li>Jan Riber Jakobsen, borgmester Aabenraa Kommune<\/li>\n<\/ul>\n<p>SF (F):<\/p>\n<ul>\n<li>Sisse Marie Welling, overborgmester K\u00f8benhavns Kommune<\/li>\n<li>Rosa Lykke Yde, borgmester Randers Kommune<\/li>\n<\/ul>\n<p>Liberal Alliance (I):<\/p>\n<ul>\n<li>Emil Bl\u00fccher, borgmester Solr\u00f8d Kommune<\/li>\n<\/ul>\n<p>Dansk Folkeparti (O):<\/p>\n<ul>\n<li>Simon Vanggaard, byr\u00e5dsmedlem Ikast-Brande Kommune<\/li>\n<\/ul>\n<p>Venstre (V):<\/p>\n<ul>\n<li>Martin Damm (n\u00e6stformand), borgmester Kalundborg Kommune<\/li>\n<li>Jesper Frost Rasmussen, borgmester Esbjerg Kommune<\/li>\n<li>Dorte West, borgmester Herning Kommune<\/li>\n<\/ul>\n<p>Danmarksdemokraterne (\u00c6):<\/p>\n<ul>\n<li>Jakob S\u00f8gaard Clausen, 2. viceborgmester Aarhus Kommune<\/li>\n<\/ul>\n<p>Enhedslisten (\u00d8):<\/p>\n<ul>\n<li>Line Barfod, klima-, milj\u00f8- og teknikborgmester K\u00f8benhavns Kommune<\/li>\n<\/ul>\n<p>KL\u2019s formandskab<\/p>\n<p>P\u00e5 bestyrelsesm\u00f8det blev det desuden besluttet, hvem der skal sidde i KL\u2019s formandskab. Formandskabet best\u00e5r af KL&#8217;s formand og n\u00e6stformand samt yderligere tre bestyrelsesmedlemmer.<\/p>\n<p>Medlemmerne af KL&#8217;s formandskab er:<\/p>\n<ul>\n<li>Formand Peter Rahb\u00e6k Juel (A), borgmester Odense Kommune<\/li>\n<li>N\u00e6stformand Martin Damm (V), borgmester Kalundborg Kommune<\/li>\n<li>Sisse Marie Welling (F), overborgmester K\u00f8benhavns Kommune<\/li>\n<li>Lone Loklindt (B), 1. viceborgmester Frederiksberg Kommune<\/li>\n<li>Jesper Frost Rasmussen (V), borgmester Esbjerg Kommune<\/li>\n<\/ul>\n<p>Derudover deltager Michael Ziegler (C) fra H\u00f8je-Taastrup Kommune, i sin egenskab af formand for KL\u2019s L\u00f8n- og Personaleudvalg, i formandskabsm\u00f8derne.<\/p>\n","protected":false},"excerpt":{"rendered":"<p>Kommunernes toporganisation har valgt ny ledelse: Odenses borgmester Peter Rahb\u00e6k Juel bliver formand, mens Kalundborgs borgmester Martin Damm bliver n\u00e6stformand.<\/p>\n","protected":false},"author":2,"featured_media":2622,"comment_status":"closed","ping_status":"open","sticky":false,"template":"","format":"standard","meta":{"jnews-multi-image_gallery":[],"jnews_single_post":{"subtitle":"Kommunernes toporganisation har valgt ny ledelse: Odenses borgmester Peter Rahb\u00e6k Juel bliver formand, mens Kalundborgs borgmester Martin Damm bliver n\u00e6stformand.","format":"standard","override":[{"template":"3","parallax":"1","layout":"no-sidebar-narrow","sidebar":"default-sidebar","second_sidebar":"default-sidebar","sticky_sidebar":"1","share_position":"hide","share_float_style":"share-normal","show_share_counter":"1","show_view_counter":"1","show_featured":"1","show_post_meta":"1","show_post_author":"1","show_post_date":"1","post_date_format":"default","post_date_format_custom":"Y\/m\/d","show_post_category":"1","show_post_reading_time":"1","post_reading_time_wpm":"300","post_calculate_word_method":"str_word_count","show_zoom_button":"0","zoom_button_out_step":"2","zoom_button_in_step":"3","show_post_tag":"1","show_comment_section":"1","number_popup_post":"2"}],"image_override":[{"single_post_thumbnail_size":"no-crop","single_post_gallery_size":"crop-715"}],"trending_post_position":"meta","trending_post_label":"Trending","sponsored_post_label":"Sponsored by","disable_ad":"0"},"jnews_primary_category":[],"footnotes":""},"categories":[19],"tags":[],"class_list":["post-2618","post","type-post","status-publish","format-standard","has-post-thumbnail","hentry","category-politik"],"_links":{"self":[{"href":"https:\/\/www.netavisen.dk\/da-dk\/nyheder\/wp-json\/wp\/v2\/posts\/2618","targetHints":{"allow":["GET"]}}],"collection":[{"href":"https:\/\/www.netavisen.dk\/da-dk\/nyheder\/wp-json\/wp\/v2\/posts"}],"about":[{"href":"https:\/\/www.netavisen.dk\/da-dk\/nyheder\/wp-json\/wp\/v2\/types\/post"}],"author":[{"embeddable":true,"href":"https:\/\/www.netavisen.dk\/da-dk\/nyheder\/wp-json\/wp\/v2\/users\/2"}],"replies":[{"embeddable":true,"href":"https:\/\/www.netavisen.dk\/da-dk\/nyheder\/wp-json\/wp\/v2\/comments?post=2618"}],"version-history":[{"count":4,"href":"https:\/\/www.netavisen.dk\/da-dk\/nyheder\/wp-json\/wp\/v2\/posts\/2618\/revisions"}],"predecessor-version":[{"id":2624,"href":"https:\/\/www.netavisen.dk\/da-dk\/nyheder\/wp-json\/wp\/v2\/posts\/2618\/revisions\/2624"}],"wp:featuredmedia":[{"embeddable":true,"href":"https:\/\/www.netavisen.dk\/da-dk\/nyheder\/wp-json\/wp\/v2\/media\/2622"}],"wp:attachment":[{"href":"https:\/\/www.netavisen.dk\/da-dk\/nyheder\/wp-json\/wp\/v2\/media?parent=2618"}],"wp:term":[{"taxonomy":"category","embeddable":true,"href":"https:\/\/www.netavisen.dk\/da-dk\/nyheder\/wp-json\/wp\/v2\/categories?post=2618"},{"taxonomy":"post_tag","embeddable":true,"href":"https:\/\/www.netavisen.dk\/da-dk\/nyheder\/wp-json\/wp\/v2\/tags?post=2618"}],"curies":[{"name":"wp","href":"https:\/\/api.w.org\/{rel}","templated":true}]}}