{"id":467,"date":"2024-05-11T23:44:25","date_gmt":"2024-05-11T21:44:25","guid":{"rendered":"https:\/\/www.netavisen.dk\/da-dk\/nyheder\/?p=467"},"modified":"2024-05-11T23:44:25","modified_gmt":"2024-05-11T21:44:25","slug":"saa-meget-stiger-it-professionelle-i-loen","status":"publish","type":"post","link":"https:\/\/www.netavisen.dk\/da-dk\/nyheder\/karriere\/saa-meget-stiger-it-professionelle-i-loen\/467\/","title":{"rendered":"PROSA: S\u00e5 meget stiger it-professionelle i l\u00f8n"},"content":{"rendered":"<p>PROSAs \u00e5rlige l\u00f8nstatistik blandt it-professionelle viser, at l\u00f8neftersl\u00e6bet fra 2023 er indhentet. Unders\u00f8gelsen, som er baseret p\u00e5 besvarelser fra 2.706 it-medarbejdere, er indsamlet i f\u00f8rste kvartal 2024, og viser en generel l\u00f8nstigning p\u00e5 3,7 pct. l\u00f8nstigning til it-folk.<\/p>\n<p>N\u00e6stformand i PROSA &#8211; Forbundet af It-professionelle Curt Kj\u00e6rsgaard Raavig siger:<\/p>\n<p>\u201dInflation er gift for b\u00e5de l\u00f8n og l\u00f8nstigning, og derfor er jeg glad for at kunne konstatere, at eftersl\u00e6bet fra 2023 er indhentet. Arbejdsmarkedet t\u00f8rster efter it-folk, og st\u00f8rrelsen p\u00e5 l\u00f8nposen er chefens kontante svar p\u00e5 fastholdelse og rekruttering.\u201d <\/p>\n<p>PROSA n\u00e6stformand henviser til, at forbrugerpriserne siden sidste \u00e5r kun steget med 1,2 pct. Eftersl\u00e6bet, der var i forbindelse med l\u00f8nudviklingen i 2023, hvor der var en reall\u00f8nstilbagegang, p\u00e5 grund af den meget h\u00f8je inflation, er dermed indhentet. Faktisk stiger l\u00f8nnen for nogle 5,5 procent, hvis anciennitetsstigninger ogs\u00e5 medregnes.<\/p>\n<p>\u201dVirksomheder kan st\u00e5 i en situation, hvor ordrebogen er ledig, men der m\u00e5 takkes nej til opgaver, som kr\u00e6ver specialiserede it-kompetencer.<\/p>\n<p>Jeg vurderer, at l\u00f8nstigninger p\u00e5 5,5 procent til it-folk med anciennitet er et m\u00e6rkbart resultat af, at nok er it-arbejdsmarkedet ved at stabilisere sig, men eftersp\u00f8rgsel p\u00e5 specialiserede it-kompetencer er kommet for at blive, og det kan m\u00e6rkes p\u00e5 l\u00f8nnen\u201d siger n\u00e6stformand Curt Kj\u00e6rsgaard Raavig.<\/p>\n","protected":false},"excerpt":{"rendered":"<p>PROSAs \u00e5rlige l\u00f8nstatistik blandt it-professionelle viser en generel l\u00f8nstigning p\u00e5 3,7 pct. l\u00f8nstigning til it-folk.<\/p>\n","protected":false},"author":2,"featured_media":469,"comment_status":"closed","ping_status":"open","sticky":false,"template":"","format":"standard","meta":{"jnews-multi-image_gallery":[],"jnews_single_post":{"source_name":"","source_url":"","via_name":"","via_url":"","override_template":"0","override":[{"template":"7","single_blog_custom":"","parallax":"1","fullscreen":"0","layout":"no-sidebar-narrow","sidebar":"default-sidebar","second_sidebar":"default-sidebar","sticky_sidebar":"1","share_position":"hide","share_float_style":"share-normal","show_share_counter":"1","show_view_counter":"1","show_featured":"1","show_post_meta":"1","show_post_author":"1","show_post_author_image":"1","show_post_date":"1","post_date_format":"default","post_date_format_custom":"Y\/m\/d","show_post_category":"1","show_post_reading_time":"1","post_reading_time_wpm":"300","show_zoom_button":"0","zoom_button_out_step":"2","zoom_button_in_step":"3","show_post_tag":"1","show_prev_next_post":"0","show_popup_post":"0","number_popup_post":"2","show_author_box":"0","show_post_related":"1","show_inline_post_related":"0"}],"override_image_size":"0","image_override":[{"single_post_thumbnail_size":"no-crop","single_post_gallery_size":"crop-715"}],"trending_post":"0","trending_post_position":"meta","trending_post_label":"Trending","sponsored_post":"0","sponsored_post_label":"Sponsored by","sponsored_post_name":"","sponsored_post_url":"","sponsored_post_logo_enable":"0","sponsored_post_logo":"","sponsored_post_desc":"","disable_ad":"0"},"jnews_primary_category":{"id":"","hide":""},"footnotes":""},"categories":[92],"tags":[],"class_list":["post-467","post","type-post","status-publish","format-standard","has-post-thumbnail","hentry","category-karriere"],"_links":{"self":[{"href":"https:\/\/www.netavisen.dk\/da-dk\/nyheder\/wp-json\/wp\/v2\/posts\/467","targetHints":{"allow":["GET"]}}],"collection":[{"href":"https:\/\/www.netavisen.dk\/da-dk\/nyheder\/wp-json\/wp\/v2\/posts"}],"about":[{"href":"https:\/\/www.netavisen.dk\/da-dk\/nyheder\/wp-json\/wp\/v2\/types\/post"}],"author":[{"embeddable":true,"href":"https:\/\/www.netavisen.dk\/da-dk\/nyheder\/wp-json\/wp\/v2\/users\/2"}],"replies":[{"embeddable":true,"href":"https:\/\/www.netavisen.dk\/da-dk\/nyheder\/wp-json\/wp\/v2\/comments?post=467"}],"version-history":[{"count":0,"href":"https:\/\/www.netavisen.dk\/da-dk\/nyheder\/wp-json\/wp\/v2\/posts\/467\/revisions"}],"wp:featuredmedia":[{"embeddable":true,"href":"https:\/\/www.netavisen.dk\/da-dk\/nyheder\/wp-json\/wp\/v2\/media\/469"}],"wp:attachment":[{"href":"https:\/\/www.netavisen.dk\/da-dk\/nyheder\/wp-json\/wp\/v2\/media?parent=467"}],"wp:term":[{"taxonomy":"category","embeddable":true,"href":"https:\/\/www.netavisen.dk\/da-dk\/nyheder\/wp-json\/wp\/v2\/categories?post=467"},{"taxonomy":"post_tag","embeddable":true,"href":"https:\/\/www.netavisen.dk\/da-dk\/nyheder\/wp-json\/wp\/v2\/tags?post=467"}],"curies":[{"name":"wp","href":"https:\/\/api.w.org\/{rel}","templated":true}]}}