{"id":721,"date":"2024-05-30T14:14:34","date_gmt":"2024-05-30T12:14:34","guid":{"rendered":"https:\/\/www.netavisen.dk\/da-dk\/nyheder\/?p=721"},"modified":"2024-05-30T14:14:34","modified_gmt":"2024-05-30T12:14:34","slug":"mette-joergensen-bliver-ny-vicedirektoer-for-it-og-digitalisering-i-sundhedsdatastyrelsen","status":"publish","type":"post","link":"https:\/\/www.netavisen.dk\/da-dk\/nyheder\/navnenyt\/nyt-job\/mette-joergensen-bliver-ny-vicedirektoer-for-it-og-digitalisering-i-sundhedsdatastyrelsen\/721\/","title":{"rendered":"Mette J\u00f8rgensen bliver ny vicedirekt\u00f8r for It og Digitalisering i Sundhedsdatastyrelsen"},"content":{"rendered":"<p>Stillingen som vicedirekt\u00f8r for It og digitalisering er oprettet i forbindelse med en omstrukturering af Sundhedsdatastyrelsen. Direktionen best\u00e5r fremover af direkt\u00f8r, Thomas Fredenslund, vicedirekt\u00f8r for Data og Sikkerhed, Vibeke van der Sprong, og vicedirekt\u00f8r for It og Digitalisering, Mette J\u00f8rgensen.<\/p>\n<p>Direkt\u00f8r Thomas Fredenslund gl\u00e6der sig til samarbejdet. Han fremh\u00e6ver is\u00e6r den nye vicedirekt\u00f8rs solide kendskab til digitalisering og samarbejde p\u00e5 tv\u00e6rs af  sundhedsv\u00e6senet, samt hendes erfaring inden for ledelse og udvikling af IT-opgaver.<\/p>\n<p>&#8220;Der er stort behov for at forts\u00e6tte opgaven med at digitalisere det danske sundhedsv\u00e6sen til gavn for patienter og sundhedsfaglige. Derfor er jeg rigtig glad for, at vi har kunnet tiltr\u00e6kke en kapacitet som Mette J\u00f8rgensen, der kan hj\u00e6lpe os med at styrke det arbejde.&#8221;<\/p>\n<h3>Digital sammenh\u00e6ng<\/h3>\n<p>Selv understreger Mette J\u00f8rgensen, at Sundhedsdatastyrelsens m\u00e5l om at sikre bedre sundhed for danske borgere gennem brug af data og ved at skabe digital sammenh\u00e6ng i sundhedssektoren har v\u00e6ret afg\u00f8rende for at s\u00f8ge stillingen.<\/p>\n<p>&#8220;Det er en vigtig dagsorden, som jeg gl\u00e6der mig utroligt meget til at l\u00f8fte i t\u00e6t samarbejde med ministeriet, regionerne, kommunerne, praktiserende l\u00e6ger og andre akt\u00f8rer p\u00e5 sundhedsomr\u00e5det.&#8221;<\/p>\n","protected":false},"excerpt":{"rendered":"<p>Mette J\u00f8rgensen bliver 1. august ny vicedirekt\u00f8r for It og Digitalisering i Sundhedsdatastyrelsen. Hun kommer fra en stilling som vicedirekt\u00f8r i Sundhed.dk.<\/p>\n","protected":false},"author":2,"featured_media":723,"comment_status":"closed","ping_status":"open","sticky":false,"template":"","format":"standard","meta":{"jnews-multi-image_gallery":[],"jnews_single_post":{"source_name":"","source_url":"","via_name":"","via_url":"","override_template":"0","override":[{"template":"7","single_blog_custom":"","parallax":"1","fullscreen":"0","layout":"no-sidebar-narrow","sidebar":"default-sidebar","second_sidebar":"default-sidebar","sticky_sidebar":"1","share_position":"hide","share_float_style":"share-normal","show_share_counter":"1","show_view_counter":"1","show_featured":"1","show_post_meta":"1","show_post_author":"1","show_post_author_image":"1","show_post_date":"1","post_date_format":"default","post_date_format_custom":"Y\/m\/d","show_post_category":"1","show_post_reading_time":"1","post_reading_time_wpm":"300","show_zoom_button":"0","zoom_button_out_step":"2","zoom_button_in_step":"3","show_post_tag":"1","show_prev_next_post":"0","show_popup_post":"0","number_popup_post":"2","show_author_box":"0","show_post_related":"1","show_inline_post_related":"0"}],"override_image_size":"0","image_override":[{"single_post_thumbnail_size":"no-crop","single_post_gallery_size":"crop-715"}],"trending_post":"0","trending_post_position":"meta","trending_post_label":"Trending","sponsored_post":"0","sponsored_post_label":"Sponsored by","sponsored_post_name":"","sponsored_post_url":"","sponsored_post_logo_enable":"0","sponsored_post_logo":"","sponsored_post_desc":"","disable_ad":"0"},"jnews_primary_category":{"id":"","hide":""},"footnotes":""},"categories":[31],"tags":[],"class_list":["post-721","post","type-post","status-publish","format-standard","has-post-thumbnail","hentry","category-nyt-job"],"_links":{"self":[{"href":"https:\/\/www.netavisen.dk\/da-dk\/nyheder\/wp-json\/wp\/v2\/posts\/721","targetHints":{"allow":["GET"]}}],"collection":[{"href":"https:\/\/www.netavisen.dk\/da-dk\/nyheder\/wp-json\/wp\/v2\/posts"}],"about":[{"href":"https:\/\/www.netavisen.dk\/da-dk\/nyheder\/wp-json\/wp\/v2\/types\/post"}],"author":[{"embeddable":true,"href":"https:\/\/www.netavisen.dk\/da-dk\/nyheder\/wp-json\/wp\/v2\/users\/2"}],"replies":[{"embeddable":true,"href":"https:\/\/www.netavisen.dk\/da-dk\/nyheder\/wp-json\/wp\/v2\/comments?post=721"}],"version-history":[{"count":0,"href":"https:\/\/www.netavisen.dk\/da-dk\/nyheder\/wp-json\/wp\/v2\/posts\/721\/revisions"}],"wp:featuredmedia":[{"embeddable":true,"href":"https:\/\/www.netavisen.dk\/da-dk\/nyheder\/wp-json\/wp\/v2\/media\/723"}],"wp:attachment":[{"href":"https:\/\/www.netavisen.dk\/da-dk\/nyheder\/wp-json\/wp\/v2\/media?parent=721"}],"wp:term":[{"taxonomy":"category","embeddable":true,"href":"https:\/\/www.netavisen.dk\/da-dk\/nyheder\/wp-json\/wp\/v2\/categories?post=721"},{"taxonomy":"post_tag","embeddable":true,"href":"https:\/\/www.netavisen.dk\/da-dk\/nyheder\/wp-json\/wp\/v2\/tags?post=721"}],"curies":[{"name":"wp","href":"https:\/\/api.w.org\/{rel}","templated":true}]}}