{"id":830,"date":"2024-06-17T13:52:32","date_gmt":"2024-06-17T11:52:32","guid":{"rendered":"https:\/\/www.netavisen.dk\/da-dk\/nyheder\/?p=830"},"modified":"2024-06-17T13:52:32","modified_gmt":"2024-06-17T11:52:32","slug":"telia-styrker-topledelsen-med-to-interne-profiler","status":"publish","type":"post","link":"https:\/\/www.netavisen.dk\/da-dk\/nyheder\/navnenyt\/nyt-job\/telia-styrker-topledelsen-med-to-interne-profiler\/830\/","title":{"rendered":"Telia styrker topledelsen med to interne profiler"},"content":{"rendered":"<p>Telia Danmark byder to interne profiler Eva Lundgren og Jakob Steen velkommen i topledelsen. <\/p>\n<p>Torben Poulsen, CEO i Telia Danmark, der er del af Danmarks st\u00f8rste energi- og telekoncern Norlys, gl\u00e6der sig over at kunne udn\u00e6vne to st\u00e6rke, kommercielle profiler til de centrale roller i Telia Danmarks direktion:<\/p>\n<p>\u201dB\u00e5de Jakob og Eva er vellidte Telia-talenter med stort forretningskendskab og solide resultater i bagagen. Jeg er glad for at byde dem velkommen i direktionen, hvor de vil bidrage til at styrke vores kommercielle fokus yderligere. Jakob og Eva er de helt rette til at videreudvikle vores forretning og teams. Deres faglighed og erfaringer er meget v\u00e6rdifulde i forbindelse med Telia Danmarks integration i Norlys A\/S, hvor vi samler de kunderettede forretninger for at levere sammenh\u00e6ngende tele- og energil\u00f8sninger, der d\u00e6kker hele husstandens og virksomhedens behov\u201d.<\/p>\n<p>Begge har tiltr\u00e5dt deres nye stillinger d. 7. juni 2024.<\/p>\n<figure id=\"attachment_837\" aria-describedby=\"caption-attachment-837\" style=\"width: 1260px\" class=\"wp-caption alignnone\"><img decoding=\"async\" src=\"https:\/\/www.netavisen.dk\/da-dk\/nyheder\/wp-content\/uploads\/2024\/06\/jacob-steen.jpg\" alt=\"\" width=\"1260\" height=\"840\" class=\"size-full wp-image-837\" srcset=\"https:\/\/www.netavisen.dk\/da-dk\/nyheder\/wp-content\/uploads\/2024\/06\/jacob-steen.jpg 1260w, https:\/\/www.netavisen.dk\/da-dk\/nyheder\/wp-content\/uploads\/2024\/06\/jacob-steen-300x200.jpg 300w, https:\/\/www.netavisen.dk\/da-dk\/nyheder\/wp-content\/uploads\/2024\/06\/jacob-steen-1024x683.jpg 1024w, https:\/\/www.netavisen.dk\/da-dk\/nyheder\/wp-content\/uploads\/2024\/06\/jacob-steen-768x512.jpg 768w, https:\/\/www.netavisen.dk\/da-dk\/nyheder\/wp-content\/uploads\/2024\/06\/jacob-steen-750x500.jpg 750w, https:\/\/www.netavisen.dk\/da-dk\/nyheder\/wp-content\/uploads\/2024\/06\/jacob-steen-1140x760.jpg 1140w\" sizes=\"(max-width: 1260px) 100vw, 1260px\" \/><figcaption id=\"caption-attachment-837\" class=\"wp-caption-text\">Jakob Steen, privatkundedirekt\u00f8r i Telia Danmark (Foto: Telia \/ PR)<\/figcaption><\/figure>\n<h3>Jakob Steen<\/h3>\n<p>Jakob Steen har v\u00e6ret i Telia Danmark i syv \u00e5r, og har senest har v\u00e6ret kommerciel direkt\u00f8r for privatforretningen, hvor han har spillet en central rolle i Telia Danmarks transformation og turnaround. I sin nye rolle som privatkundedirekt\u00f8r f\u00e5r Jakob ansvar for kundeservice, butikker, priser og produkter, kommercielle partnerskaber, customer engagement, supply chain samt hardwareforretningen.<\/p>\n<p>Jakob har samlet set 19 \u00e5rs erfaring fra telebranchen, og har i sin tid i Telia Danmark tidligere v\u00e6ret Director for Call me og f\u00f8r dette ligeledes for de mindre erhvervskunder (SOHO). F\u00f8r Jakob kom til Telia Danmark var han kommercielt ansvarlig i CBB og har tidligere haft forskellige roller i Telenors privat- og erhvervsforretning p\u00e5 tv\u00e6rs af salgskanaler, kundeservice og retail.<\/p>\n<p>Jakob Steen (39) bor i Br\u00f8nsh\u00f8j med Rebecca og parrets to tvillingepiger p\u00e5 fem \u00e5r og s\u00f8nnen p\u00e5 otte \u00e5r. Jakob bruger fritiden med familien og foretr\u00e6kker aktiv ferie, hvor skisport eller dykning er blandt favoritterne. <\/p>\n<figure id=\"attachment_838\" aria-describedby=\"caption-attachment-838\" style=\"width: 1260px\" class=\"wp-caption alignnone\"><img decoding=\"async\" src=\"https:\/\/www.netavisen.dk\/da-dk\/nyheder\/wp-content\/uploads\/2024\/06\/eva-lundgren.jpg\" alt=\"\" width=\"1260\" height=\"840\" class=\"size-full wp-image-838\" srcset=\"https:\/\/www.netavisen.dk\/da-dk\/nyheder\/wp-content\/uploads\/2024\/06\/eva-lundgren.jpg 1260w, https:\/\/www.netavisen.dk\/da-dk\/nyheder\/wp-content\/uploads\/2024\/06\/eva-lundgren-300x200.jpg 300w, https:\/\/www.netavisen.dk\/da-dk\/nyheder\/wp-content\/uploads\/2024\/06\/eva-lundgren-1024x683.jpg 1024w, https:\/\/www.netavisen.dk\/da-dk\/nyheder\/wp-content\/uploads\/2024\/06\/eva-lundgren-768x512.jpg 768w, https:\/\/www.netavisen.dk\/da-dk\/nyheder\/wp-content\/uploads\/2024\/06\/eva-lundgren-750x500.jpg 750w, https:\/\/www.netavisen.dk\/da-dk\/nyheder\/wp-content\/uploads\/2024\/06\/eva-lundgren-1140x760.jpg 1140w\" sizes=\"(max-width: 1260px) 100vw, 1260px\" \/><figcaption id=\"caption-attachment-838\" class=\"wp-caption-text\">Eva Lundgren, Director of Brand, Marketing &#038; E-Commerce i Telia Danmark. (Foto: Telia \/ PR)<\/figcaption><\/figure>\n<h3>Eva Lundgren<\/h3>\n<p>Eva Lundgren indtr\u00e6der i en nyoprettet stilling i Telia Danmarks direktion som Director of Brand, Marketing &#038; E-Commerce. Eva har st\u00e5et i spidsen for Telia Danmarks samlede marketingindsats siden juli 2022, hvor hun har haft fokus p\u00e5 at styrke Telia Danmarks position p\u00e5 privat- og erhvervsomr\u00e5det samt relanceringen af Call me.<\/p>\n<p>Med Evas indtr\u00e6delse i direktionen styrker Telia Danmarks kommercielle fokus. Brand, Marketing &#038; E-Commerce-funktionerne spiller en central rolle i forbindelse med Norlys-integrationen og den forest\u00e5ende opgave med rebrandingen til Norlys Mobil samt den fortsatte styrkelse og positionering af Call me.<\/p>\n<p>Eva har 22 \u00e5rs erfaring med marketing fra roller som bl.a. Group Marketing Director i Bellagroup, Head of Marketing Effectiveness, Planning and Creative Brand Development i Thomas Cook Northern Europe samt Head of Brand &#038; Marketing i Spies A\/S.<\/p>\n<p>Eva Lundgren (55) har tre b\u00f8rn p\u00e5 16, 21 og 24, og ud over hunden Joey, g\u00e5r tiden med bestyrelsesarbejde, rejser, g\u00f8r-det-selv-projekter, venner samt en dedikeret interesse i de fleste sportsgrene.<\/p>\n","protected":false},"excerpt":{"rendered":"<p>Jakob Steen indtr\u00e6der som privatkundedirekt\u00f8r mens Eva Lundgren indtr\u00e6der i en nyoprettet rolle i direktionen som Director of Brand, Marketing &#038; E-Commerce.<\/p>\n","protected":false},"author":2,"featured_media":835,"comment_status":"closed","ping_status":"open","sticky":false,"template":"","format":"standard","meta":{"jnews-multi-image_gallery":[],"jnews_single_post":{"source_name":"","source_url":"","via_name":"","via_url":"","override_template":"0","override":[{"template":"7","single_blog_custom":"","parallax":"1","fullscreen":"0","layout":"no-sidebar-narrow","sidebar":"default-sidebar","second_sidebar":"default-sidebar","sticky_sidebar":"1","share_position":"hide","share_float_style":"share-normal","show_share_counter":"1","show_view_counter":"1","show_featured":"1","show_post_meta":"1","show_post_author":"1","show_post_author_image":"1","show_post_date":"1","post_date_format":"default","post_date_format_custom":"Y\/m\/d","show_post_category":"1","show_post_reading_time":"1","post_reading_time_wpm":"300","show_zoom_button":"0","zoom_button_out_step":"2","zoom_button_in_step":"3","show_post_tag":"1","show_prev_next_post":"0","show_popup_post":"0","number_popup_post":"2","show_author_box":"0","show_post_related":"1","show_inline_post_related":"0"}],"override_image_size":"0","image_override":[{"single_post_thumbnail_size":"no-crop","single_post_gallery_size":"crop-715"}],"trending_post":"0","trending_post_position":"meta","trending_post_label":"Trending","sponsored_post":"0","sponsored_post_label":"Sponsored by","sponsored_post_name":"","sponsored_post_url":"","sponsored_post_logo_enable":"0","sponsored_post_logo":"","sponsored_post_desc":"","disable_ad":"0"},"jnews_primary_category":{"id":"","hide":""},"footnotes":""},"categories":[31],"tags":[],"class_list":["post-830","post","type-post","status-publish","format-standard","has-post-thumbnail","hentry","category-nyt-job"],"_links":{"self":[{"href":"https:\/\/www.netavisen.dk\/da-dk\/nyheder\/wp-json\/wp\/v2\/posts\/830","targetHints":{"allow":["GET"]}}],"collection":[{"href":"https:\/\/www.netavisen.dk\/da-dk\/nyheder\/wp-json\/wp\/v2\/posts"}],"about":[{"href":"https:\/\/www.netavisen.dk\/da-dk\/nyheder\/wp-json\/wp\/v2\/types\/post"}],"author":[{"embeddable":true,"href":"https:\/\/www.netavisen.dk\/da-dk\/nyheder\/wp-json\/wp\/v2\/users\/2"}],"replies":[{"embeddable":true,"href":"https:\/\/www.netavisen.dk\/da-dk\/nyheder\/wp-json\/wp\/v2\/comments?post=830"}],"version-history":[{"count":0,"href":"https:\/\/www.netavisen.dk\/da-dk\/nyheder\/wp-json\/wp\/v2\/posts\/830\/revisions"}],"wp:featuredmedia":[{"embeddable":true,"href":"https:\/\/www.netavisen.dk\/da-dk\/nyheder\/wp-json\/wp\/v2\/media\/835"}],"wp:attachment":[{"href":"https:\/\/www.netavisen.dk\/da-dk\/nyheder\/wp-json\/wp\/v2\/media?parent=830"}],"wp:term":[{"taxonomy":"category","embeddable":true,"href":"https:\/\/www.netavisen.dk\/da-dk\/nyheder\/wp-json\/wp\/v2\/categories?post=830"},{"taxonomy":"post_tag","embeddable":true,"href":"https:\/\/www.netavisen.dk\/da-dk\/nyheder\/wp-json\/wp\/v2\/tags?post=830"}],"curies":[{"name":"wp","href":"https:\/\/api.w.org\/{rel}","templated":true}]}}